{"id":53191,"date":"2026-06-07T23:42:19","date_gmt":"2026-06-07T23:42:19","guid":{"rendered":"https:\/\/www.mjspr.com\/w\/?p=53191"},"modified":"2026-06-07T23:42:22","modified_gmt":"2026-06-07T23:42:22","slug":"vuelta-25-st-18-ganna-roviditett-szakaszt-teljesit","status":"publish","type":"post","link":"https:\/\/www.mjspr.com\/w\/vuelta-25-st-18-ganna-roviditett-szakaszt-teljesit\/","title":{"rendered":"Vuelta &#39;25 St 18: Ganna r\u00f6vid\u00edtett szakaszt teljes\u00edt"},"content":{"rendered":"<div id=\"toc\" style=\"background: #f9f9f9;border: 1px solid #aaa;display: table;margin-bottom: 1em;padding: 1em;width: 350px;\">\n<p class=\"toctitle\" style=\"font-weight: 700;text-align: center;\">Bejegyz\u00e9sek<\/p>\n<ul class=\"toc_list\">\n<li><a href=\"#toc-0\">Bernal folytatja a GC-harcot a lejt\u0151k\u00f6n bel\u00fcl | l\u00e1togassa meg ezt az oldalt itt<\/a><\/li>\n<li><a href=\"#toc-1\">Kulcsfontoss\u00e1g\u00fa versenyz\u0151k, akik nincsenek benne a vezet\u0151s\u00e9gben<\/a><\/li>\n<li><a href=\"#toc-2\">P\u00e1lyahiba: Logro\u00f1o \u00e1llom\u00e1sa<\/a><\/li>\n<\/ul>\n<\/div>\n<p>A gy\u0151ztes Campenaerts (Lotto-DSTNY) val\u00f3sz\u00edn\u0171leg nagyon korai rekorder lesz. A sr\u00e1c egy ideig f\u00e9lretette az id\u0151m\u00e9r\u0151 edz\u00e9seit, de mondanom sem kell, hogy visszat\u00e9rt hozz\u00e1, \u00e9s megpr\u00f3b\u00e1lt \u00f6t\u00f6dik lenni a Tour de France els\u0151 id\u0151m\u00e9r\u0151 edz\u00e9s\u00e9n. Enric Mas (Movistar) a Vuelt\u00e1j\u00e1n rajtol, a GC legkor\u00e1bbi indul\u00f3i k\u00f6z\u00f6tt. <!--more--> Nem volt id\u0151m\u00e9r\u0151 edz\u00e9se, de tapasztalata folyamatosan n\u00f6vekszik, \u00e9s az ideje v\u00e1rhat\u00f3an javulni fog a k\u00f6r\u00fclbel\u00fcl h\u00e1rom h\u00f3nap alatt.<\/p>\n<h2 id=\"toc-0\">Bernal folytatja a GC-harcot a lejt\u0151k\u00f6n bel\u00fcl | l\u00e1togassa meg ezt az oldalt itt<\/h2>\n<p>Ben O&#39;Connor (Decathlon-AG2R-Los Angeles Mondiale) t\u00f6bb mint egy pillanatra elfelejtette, \u00e9s ez ma a m\u00e1sodik, \u00edgy Rogli\u010dnak m\u00e9g van p\u00e1r szakasza a kez\u00e9ben. A friss, 23 \u00e9ves spanyol versenyz\u0151 a legjobb egy elismert 10 f\u0151s csapatb\u00f3l, akik az utols\u00f3 menetben Manzaneda seg\u00edts\u00e9g\u00e9re sietnek. A kis, angol Kern Pharma csapat sz\u00e1m\u00e1ra ez egy lelkes pszichol\u00f3giai gy\u0151zelem is volt, mivel a Kern Pharma v\u00e1llalat eln\u00f6ke, Manola Azcona, egyik napr\u00f3l a m\u00e1sikra meghalt. Alison Jackson (EF Training-Cannondale) a Vuelta Femenina 2. szakasz\u00e1t az als\u00f3 futamban nyerte meg, miut\u00e1n t\u00fal\u00e9lte a balesettel teli utols\u00f3 kilom\u00e9tereket. Az \u00faj kanadai legy\u0151zte Blanka Vast (SD Worx-Protime), aki m\u00e1sodik lett, \u00e9s Karlijn Swinkelst (UAE Party ADQ), aki a harmadik szettben \u00e9rt c\u00e9lba. Miut\u00e1n kihaszn\u00e1lta a v\u00e9gs\u0151 \u00e9s az \u00faj k\u00f6z\u00e9pfutamban szerzett \u00f6szt\u00f6nz\u0151 pillanatokat, Vas az \u00faj GC-vezet\u0151.<\/p>\n<h2 id=\"toc-1\">Kulcsfontoss\u00e1g\u00fa versenyz\u0151k, akik nincsenek benne a vezet\u0151s\u00e9gben<\/h2>\n<p>\u201eAmi kiv\u00e1l\u00f3 helyzet <a href=\"https:\/\/fogadas-sport.com\/bet\/analitic\">l\u00e1togassa meg ezt az oldalt itt<\/a> volt, de term\u00e9szetesen n\u00e9mileg nehezen kezelhet\u0151, ez\u00e9rt kiss\u00e9 f\u00e1raszt\u00f3 is. De miut\u00e1n el\u00e9rt\u00fck az utols\u00f3 kilom\u00e9tereket, megpr\u00f3b\u00e1ltunk a legjobb form\u00e1ban maradni, \u00e9s most megtenni\u201d \u2013 tette hozz\u00e1 Vos. N\u00e9h\u00e1ny tov\u00e1bbi 3. oszt\u00e1ly\u00fa emelked\u0151 v\u00e1r a leg\u00fajabb mez\u0151nyre, ami egy nyugodt szakasznak t\u0171nik a hegyekig. A nap tizenhetedik rajtol\u00f3jak\u00e9nt Ganna az \u00faj szakaszban v\u00e9gig a gy\u00f6ny\u00f6r\u0171 \u00fcl\u00e9sen maradt, Jai Vine (UAE Emirates &#8211; XRG) pedig csak fokozni tudta a fesz\u00fclts\u00e9get, v\u00e9g\u00fcl pedig egy k\u00f6vetkez\u0151 egyenest teljes\u00edtett vissza.<\/p>\n<p>Nem kevesebb, mint 14 sz\u00f6vets\u00e9gi egy\u00e9ni id\u0151m\u00e9r\u0151 bajnok l\u00e9pett p\u00e1ly\u00e1ra ma a leg\u00fajabb utc\u00e1kon. Az \u00faj holland bajnok, Dan Hoole (Lidl-Trek) az els\u0151k k\u00f6z\u00f6tt versenyzett, \u00e9s az els\u0151 szakaszon 13 percet, m\u00edg m\u00e1sodszor 19 m\u00e1sodpercet tudott futni. A tizenhetedik helyen indul\u00f3 Ganna megel\u0151zte \u0151t, aki 13 percet futott, 56,2 km\/h-s k\u00f6z\u00e9psebess\u00e9ggel. Neh\u00e9z legy\u0151zni, mivel Ivo Oliveira (UAE Emirates XRG, +11\u2033) \u00e9s Mads Pedersen (Lidl Trip, +21\u2033) edzette. A nap leg\u00fajabb leghosszabb szakasza, amelyet a Vuelta Femenina tartogat, a verseny utols\u00f3 napja lesz, amely 152 km-t \u00e9s a legt\u00f6bb 500 yardos szintk\u00fcl\u00f6nbs\u00e9get foglal mag\u00e1ban.<\/p>\n<p><img decoding=\"async\" src=\"https:\/\/www.aceperhead.com\/blog\/wp-content\/uploads\/2018\/02\/sports-betting-software-reviews.jpg\" alt=\"l\u00e1togassa meg ezt az oldalt itt\" style=\"padding: 10px;\" align=\"right\" border=\"1\"><\/p>\n<p>Egy feladatokkal teli, nyolcszoros versenyb\u0151l kellett kiesned, amelyb\u0151l egy csoportos napi pr\u00f3bafutam v\u00e1rt az \u00e1prilis 28-i valenciai versenyre, \u00e9s a h\u00e9tv\u00e9g\u00e9n az 5. helyen z\u00e1rult a Madrid hat\u00e1r\u00e1n tal\u00e1lhat\u00f3 dombokon. Marianne Vos (Visma-Rent a motorcycle) megszerezte a Vuelta Femenina 3. szakasz\u00e1t, sprintelve, \u00edgy az utols\u00f3 m\u00e9tereken egy\u00e9rtelm\u0171 el\u0151nyre tett szert, miut\u00e1n egy hatalmas baleset megt\u00f6rte az \u00faj mez\u0151nyt, amely m\u00e1r t\u00f6bb mint 80 kilom\u00e9tert futott. A leg\u00fajabb, 36 \u00e9ves holland pil\u00f3ta legy\u0151zte Charlotte Koolt (dsm-firmenich PostN), aki a m\u00e1sodik, \u00e9s Olivia Barilt (Movistar), aki a harmadik helyen v\u00e9gzett. Miut\u00e1n egy kor\u00e1bbi sprintben szerzett \u00f6szt\u00f6nz\u0151 pontokat, Blanka Vas (SD Worx-Protime) megtartja az els\u0151 sz\u00e1m\u00fa mezt, \u00e9s \u00e1tveszi az ir\u00e1ny\u00edt\u00e1st az \u00faj z\u00f6ld mez felett.<\/p>\n<p>Az \u00faj versenyz\u0151i karrierj\u00fck hangs\u00falya a &#39;98-as Snowbird Hillclimb versenyen egy t\u00e1voli 5. helyen szeretne v\u00e9gezni, ak\u00e1rcsak Levi Leipheimer, Dave Zabriskie \u00e9s k\u00e9t m\u00e1sik sr\u00e1c. Mike azt \u00e1ll\u00edtja, hogy a \u201e\u00edr\u00e1stud\u00e1sa fel\u00fclm\u00falja a motoroz\u00e1s\u00e9t\u201d, \u00e9s sz\u00e1mos \u00edr\u00e1st \u00edrt, valamint a c\u00e9ges egyetemi tags\u00e1gukr\u00f3l, amelynek szoros \u00e1llkapcsa van, k\u00f6sz\u00f6nhet\u0151en a motoros l\u00e1znak. Alastair Hamilton profi aut\u00f3szerel\u0151k\u00e9nt menet k\u00f6zben, p\u00e1ly\u00e1n \u00e9s hegyiker\u00e9kp\u00e1ron is versenyzett, \u00e9s a legt\u00f6bb esetben nehezen tudta megszerezni a legjobb brit csapatbajnoki c\u00edmeket a szakm\u00e1ban.<\/p>\n<h2 id=\"toc-2\">P\u00e1lyahiba: Logro\u00f1o \u00e1llom\u00e1sa<\/h2>\n<p>A standard kateg\u00f3ria \u00e9llovasa, Jonas Vingegaard a frissen indul\u00f3 v\u00f6r\u00f6s trik\u00f3t haszn\u00e1lta, de mind\u00f6ssze 10 m\u00e1sodpercet vesz\u00edtett, \u00edgy a m\u00e1sodik helyen v\u00e9gzett Joao Almeida m\u00f6g\u00f6tt. Wout van Aert (Visma | Lease a bike) a Vuelta \u00faj, 7. szakasz\u00e1t a Cordob\u00e1ban egy nagyszer\u0171 Espa\u00f1a-k\u00e9nt teljes\u00edtette. Az \u00faj belga a nagyszer\u0171 fin\u00e1l\u00e9t k\u00f6vet\u0151en legy\u0151zte Mathias Vaceket (Lidl-Trek) \u00e9s Pau Miquelt (Kern Pharma) az alacsonyabb kateg\u00f3ria nagy hajr\u00e1j\u00e1ban. Ben O&#39;Connor (Decathlon-AG2R-La Mondiale) nagy h\u00e1tr\u00e1ny n\u00e9lk\u00fcl tartotta az \u00f6sszetett vezet\u00e9st.<\/p>\n","protected":false},"excerpt":{"rendered":"<p>Bejegyz\u00e9sek Bernal folytatja a GC-harcot a lejt\u0151k\u00f6n bel\u00fcl | l\u00e1togassa meg ezt az oldalt itt Kulcsfontoss\u00e1g\u00fa versenyz\u0151k, akik nincsenek benne a vezet\u0151s\u00e9gben P\u00e1lyahiba: Logro\u00f1o \u00e1llom\u00e1sa A gy\u0151ztes Campenaerts (Lotto-DSTNY) val\u00f3sz\u00edn\u0171leg nagyon korai rekorder lesz. A sr\u00e1c egy ideig f\u00e9lretette az id\u0151m\u00e9r\u0151 edz\u00e9seit, de mondanom sem kell, hogy visszat\u00e9rt hozz\u00e1, \u00e9s megpr\u00f3b\u00e1lt \u00f6t\u00f6dik lenni a Tour [&hellip;]<\/p>\n","protected":false},"author":3,"featured_media":0,"comment_status":"closed","ping_status":"open","sticky":false,"template":"","format":"standard","meta":{"_acf_changed":false,"footnotes":""},"categories":[1],"tags":[],"class_list":["post-53191","post","type-post","status-publish","format-standard","hentry","category-uncategorized"],"acf":[],"rttpg_featured_image_url":null,"rttpg_author":{"display_name":"Abhilash","author_link":"https:\/\/www.mjspr.com\/w\/author\/admin-2\/"},"rttpg_comment":0,"rttpg_category":"<a href=\"https:\/\/www.mjspr.com\/w\/category\/uncategorized\/\" rel=\"category tag\">Uncategorized<\/a>","rttpg_excerpt":"Bejegyz\u00e9sek Bernal folytatja a GC-harcot a lejt\u0151k\u00f6n bel\u00fcl | l\u00e1togassa meg ezt az oldalt itt Kulcsfontoss\u00e1g\u00fa versenyz\u0151k, akik nincsenek benne a vezet\u0151s\u00e9gben P\u00e1lyahiba: Logro\u00f1o \u00e1llom\u00e1sa A gy\u0151ztes Campenaerts (Lotto-DSTNY) val\u00f3sz\u00edn\u0171leg nagyon korai rekorder lesz. A sr\u00e1c egy ideig f\u00e9lretette az id\u0151m\u00e9r\u0151 edz\u00e9seit, de mondanom sem kell, hogy visszat\u00e9rt hozz\u00e1, \u00e9s megpr\u00f3b\u00e1lt \u00f6t\u00f6dik lenni a Tour&hellip;","_links":{"self":[{"href":"https:\/\/www.mjspr.com\/w\/wp-json\/wp\/v2\/posts\/53191","targetHints":{"allow":["GET"]}}],"collection":[{"href":"https:\/\/www.mjspr.com\/w\/wp-json\/wp\/v2\/posts"}],"about":[{"href":"https:\/\/www.mjspr.com\/w\/wp-json\/wp\/v2\/types\/post"}],"author":[{"embeddable":true,"href":"https:\/\/www.mjspr.com\/w\/wp-json\/wp\/v2\/users\/3"}],"replies":[{"embeddable":true,"href":"https:\/\/www.mjspr.com\/w\/wp-json\/wp\/v2\/comments?post=53191"}],"version-history":[{"count":1,"href":"https:\/\/www.mjspr.com\/w\/wp-json\/wp\/v2\/posts\/53191\/revisions"}],"predecessor-version":[{"id":53192,"href":"https:\/\/www.mjspr.com\/w\/wp-json\/wp\/v2\/posts\/53191\/revisions\/53192"}],"wp:attachment":[{"href":"https:\/\/www.mjspr.com\/w\/wp-json\/wp\/v2\/media?parent=53191"}],"wp:term":[{"taxonomy":"category","embeddable":true,"href":"https:\/\/www.mjspr.com\/w\/wp-json\/wp\/v2\/categories?post=53191"},{"taxonomy":"post_tag","embeddable":true,"href":"https:\/\/www.mjspr.com\/w\/wp-json\/wp\/v2\/tags?post=53191"}],"curies":[{"name":"wp","href":"https:\/\/api.w.org\/{rel}","templated":true}]}}